{"id":3073,"date":"2020-09-27T21:37:50","date_gmt":"2020-09-27T19:37:50","guid":{"rendered":"https:\/\/diebuchmacherei.de\/?p=3073"},"modified":"2025-08-28T21:03:10","modified_gmt":"2025-08-28T19:03:10","slug":"ver-di-gesundheit-soziales-3-2020","status":"publish","type":"post","link":"https:\/\/diebuchmacherei.de\/de_de\/ver-di-gesundheit-soziales-3-2020\/","title":{"rendered":"&#8220;ver.di Gesundheit &#038; Soziales 3\/2020&#8221;"},"content":{"rendered":"\n<h5 class=\"wp-block-heading\" id=\"sachverstand-spricht\"><br>Sachverstand spricht<\/h5>\n\n\n\n<p>In diesem Buch kommen die wirklichen Expert*innen aus dem Gesundheitswesen zu Wort: Klaus Dallmer dokumentiert 17 Interviews mit Kranken- und Altenpflegekr\u00e4ften, mit \u00c4rzt*innen, Medizinisch-Technischen Assistent*innen und Gewerkschaftsaktiven, die ein detailreiches und differenziertes Bild der Branche zeichnen. Doch sie bleiben nicht bei der Analyse der \u00d6konomisierung und ihrer Folgen stehen, sondern zeigen durch ihr Handeln auch Wege des Widerstands auf.&nbsp;<\/p>\n\n\n\n<p>Dallmer sieht die Protestbewegung im Gesundheitswesen als Teil einer gr\u00f6\u00dferen gesellschaftlichen Auseinandersetzung um die \u00bbZur\u00fcckwendung\u00ab der in den vergangenen drei Jahrzehnten erfolgten neoliberalen Wende. Die Gesundheitsbesch\u00e4ftigten charakterisiert er dabei als Vorreiter, denn sie seien \u00bbdie ersten, die f\u00fcr ihren Arbeitsbereich die Bestimmung durch die Marktlogik mehrheitlich ablehnen, und daf\u00fcr bereits die gesellschaftliche Hegemonie in den K\u00f6pfen erreicht haben\u00ab. Zudem h\u00e4tten sie mit dem System der Teamdelegierten \u00bbeine alte Form der Arbeiterdemokratie (\u2026) neu erfunden\u00ab. Es ist dem Herausgeber uneingeschr\u00e4nkt zuzustimmen, wenn er schreibt, dass in den Interviews deutlich werde, \u00bbwo der Sachverstand des Gesundheitswesens wirklich sitzt. Und steht und rennt und schwitzt und hebt und hetzt und \u00fcber die Grenzen der Ersch\u00f6pfung arbeitet. Dieser Sachverstand wird von der Gesundheitspolitik missachtet, und das schon \u00fcber Jahrzehnte.\u00ab Die Interviewten streiten allesamt daf\u00fcr, dass sich die Verantwortlichen diese Missachtung nicht l\u00e4nger leisten k\u00f6nnen. Ihre Einsch\u00e4tzungen und Forderungen zu verbreiten, ist ein verdienstvoller Beitrag dazu. <\/p>\n\n\n\n<p><em>Daniel Behruzi<\/em><\/p>\n","protected":false},"excerpt":{"rendered":"<p>Sachverstand spricht In diesem Buch kommen die wirklichen Expert*innen aus dem Gesundheitswesen zu Wort: Klaus Dallmer dokumentiert 17 Interviews mit Kranken- und Altenpflegekr\u00e4ften, mit \u00c4rzt*innen,&hellip;<\/p>\n","protected":false},"author":1,"featured_media":0,"comment_status":"open","ping_status":"closed","sticky":false,"template":"","format":"standard","meta":{"_eb_attr":"","footnotes":""},"categories":[75],"tags":[],"class_list":["post-3073","post","type-post","status-publish","format-standard","hentry","category-markt-zerfrisst-gesundheitswesen-stimmen-aus-einem-zornigen-bereich"],"_links":{"self":[{"href":"https:\/\/diebuchmacherei.de\/de_de\/wp-json\/wp\/v2\/posts\/3073","targetHints":{"allow":["GET"]}}],"collection":[{"href":"https:\/\/diebuchmacherei.de\/de_de\/wp-json\/wp\/v2\/posts"}],"about":[{"href":"https:\/\/diebuchmacherei.de\/de_de\/wp-json\/wp\/v2\/types\/post"}],"author":[{"embeddable":true,"href":"https:\/\/diebuchmacherei.de\/de_de\/wp-json\/wp\/v2\/users\/1"}],"replies":[{"embeddable":true,"href":"https:\/\/diebuchmacherei.de\/de_de\/wp-json\/wp\/v2\/comments?post=3073"}],"version-history":[{"count":1,"href":"https:\/\/diebuchmacherei.de\/de_de\/wp-json\/wp\/v2\/posts\/3073\/revisions"}],"predecessor-version":[{"id":8171,"href":"https:\/\/diebuchmacherei.de\/de_de\/wp-json\/wp\/v2\/posts\/3073\/revisions\/8171"}],"wp:attachment":[{"href":"https:\/\/diebuchmacherei.de\/de_de\/wp-json\/wp\/v2\/media?parent=3073"}],"wp:term":[{"taxonomy":"category","embeddable":true,"href":"https:\/\/diebuchmacherei.de\/de_de\/wp-json\/wp\/v2\/categories?post=3073"},{"taxonomy":"post_tag","embeddable":true,"href":"https:\/\/diebuchmacherei.de\/de_de\/wp-json\/wp\/v2\/tags?post=3073"}],"curies":[{"name":"wp","href":"https:\/\/api.w.org\/{rel}","templated":true}]}}